{"id":15801,"date":"2026-07-31T21:25:17","date_gmt":"2026-07-31T21:25:17","guid":{"rendered":"https:\/\/loboadvogados.com\/site\/?p=15801"},"modified":"2026-07-31T21:37:49","modified_gmt":"2026-07-31T21:37:49","slug":"receita-federal-divulga-cronograma-oficial-dos-documentos-fiscais-eletronicos-da-reforma-tributaria","status":"publish","type":"post","link":"https:\/\/loboadvogados.com\/site\/receita-federal-divulga-cronograma-oficial-dos-documentos-fiscais-eletronicos-da-reforma-tributaria\/","title":{"rendered":"Receita Federal divulga cronograma oficial dos documentos fiscais eletr\u00f4nicos da Reforma Tribut\u00e1ria"},"content":{"rendered":"\t\t<div data-elementor-type=\"wp-post\" data-elementor-id=\"15801\" class=\"elementor elementor-15801\" data-elementor-post-type=\"post\">\n\t\t\t\t\t\t<section class=\"elementor-section elementor-top-section elementor-element elementor-element-5f8734df elementor-section-full_width elementor-section-height-min-height elementor-section-height-default elementor-section-items-middle\" data-id=\"5f8734df\" data-element_type=\"section\" data-e-type=\"section\" data-settings=\"{&quot;background_background&quot;:&quot;classic&quot;}\">\n\t\t\t\t\t\t\t<div class=\"elementor-background-overlay\"><\/div>\n\t\t\t\t\t\t\t<div class=\"elementor-container elementor-column-gap-no\">\n\t\t\t\t\t<div class=\"elementor-column elementor-col-100 elementor-top-column elementor-element elementor-element-14385409\" data-id=\"14385409\" data-element_type=\"column\" data-e-type=\"column\">\n\t\t\t<div class=\"elementor-widget-wrap elementor-element-populated\">\n\t\t\t\t\t\t<div class=\"elementor-element elementor-element-cf20892 elementor-align-center elementor-widget elementor-widget-post-info\" data-id=\"cf20892\" data-element_type=\"widget\" data-e-type=\"widget\" data-widget_type=\"post-info.default\">\n\t\t\t\t<div class=\"elementor-widget-container\">\n\t\t\t\t\t\t\t<ul class=\"elementor-inline-items elementor-icon-list-items elementor-post-info\">\n\t\t\t\t\t\t\t\t<li class=\"elementor-icon-list-item elementor-repeater-item-de11830 elementor-inline-item\" itemprop=\"datePublished\">\n\t\t\t\t\t\t<a href=\"https:\/\/loboadvogados.com\/site\/2026\/07\/31\/\">\n\t\t\t\t\t\t\t\t\t\t\t\t\t\t<span class=\"elementor-icon-list-text elementor-post-info__item elementor-post-info__item--type-date\">\n\t\t\t\t\t\t\t\t\t\t<time>31\/07\/2026<\/time>\t\t\t\t\t<\/span>\n\t\t\t\t\t\t\t\t\t<\/a>\n\t\t\t\t<\/li>\n\t\t\t\t<\/ul>\n\t\t\t\t\t\t<\/div>\n\t\t\t\t<\/div>\n\t\t\t\t<div class=\"elementor-element elementor-element-41d19ff5 elementor-widget elementor-widget-heading\" data-id=\"41d19ff5\" data-element_type=\"widget\" data-e-type=\"widget\" data-widget_type=\"heading.default\">\n\t\t\t\t<div class=\"elementor-widget-container\">\n\t\t\t\t\t<h2 class=\"elementor-heading-title elementor-size-default\">Receita Federal divulga cronograma oficial dos documentos fiscais eletr\u00f4nicos da Reforma Tribut\u00e1ria<\/h2>\t\t\t\t<\/div>\n\t\t\t\t<\/div>\n\t\t\t\t\t<\/div>\n\t\t<\/div>\n\t\t\t\t\t<\/div>\n\t\t<\/section>\n\t\t\t\t<article class=\"elementor-section elementor-top-section elementor-element elementor-element-22ff1ee8 elementor-section-full_width elementor-section-height-default elementor-section-height-default\" data-id=\"22ff1ee8\" data-element_type=\"section\" data-e-type=\"section\">\n\t\t\t\t\t\t<div class=\"elementor-container elementor-column-gap-no\">\n\t\t\t\t\t<div class=\"elementor-column elementor-col-50 elementor-top-column elementor-element elementor-element-3c8682d0\" data-id=\"3c8682d0\" data-element_type=\"column\" data-e-type=\"column\">\n\t\t\t<div class=\"elementor-widget-wrap elementor-element-populated\">\n\t\t\t\t\t\t<div class=\"elementor-element elementor-element-41bb87ca elementor-widget__width-initial elementor-widget elementor-widget-text-editor\" data-id=\"41bb87ca\" data-element_type=\"widget\" data-e-type=\"widget\" data-widget_type=\"text-editor.default\">\n\t\t\t\t<div class=\"elementor-widget-container\">\n\t\t\t\t\t\t\t\t\t<p>A Receita Federal do Brasil e o Comit\u00ea Gestor do Imposto sobre Bens e Servi\u00e7os (CGIBS) publicaram o Ato Conjunto RFB\/CGIBS n\u00ba 4, de 30 de julho de 2026, estabelecendo o cronograma oficial de implanta\u00e7\u00e3o dos documentos fiscais eletr\u00f4nicos relacionados \u00e0 Reforma Tribut\u00e1ria do Consumo.<\/p>\n<p><br><\/p>\n<p><\/p>\n<p>A medida representa um dos principais marcos da implementa\u00e7\u00e3o da nova sistem\u00e1tica tribut\u00e1ria criada para operacionalizar a Contribui\u00e7\u00e3o sobre Bens e Servi\u00e7os (CBS) e o Imposto sobre Bens e Servi\u00e7os (IBS), trazendo datas espec\u00edficas para que empresas, desenvolvedores de sistemas e contribuintes promovam a adapta\u00e7\u00e3o de seus processos fiscais.<\/p>\n<p><br><\/p>\n<p><\/p>\n<p>Segundo a Receita Federal, o cronograma foi elaborado considerando a necessidade de adequa\u00e7\u00e3o tecnol\u00f3gica dos sistemas emissores, a realiza\u00e7\u00e3o de testes pr\u00e9vios e as particularidades dos diversos setores econ\u00f4micos. A divulga\u00e7\u00e3o antecipada tamb\u00e9m busca permitir que empresas iniciem o planejamento necess\u00e1rio para atender \u00e0s novas exig\u00eancias.<\/p>\n<p><br><\/p>\n<p><\/p>\n<p>As primeiras obriga\u00e7\u00f5es passam a vigorar j\u00e1 em 03 de agosto de 2026, alcan\u00e7ando documentos amplamente utilizados pelas empresas, como a Nota Fiscal Eletr\u00f4nica (NF-e), Nota Fiscal de Consumidor Eletr\u00f4nica (NFC-e), Conhecimento de Transporte Eletr\u00f4nico (CT-e), Manifesto Eletr\u00f4nico de Documentos Fiscais (MDF-e), Declara\u00e7\u00e3o de Conte\u00fado eletr\u00f4nica (DC-e), entre outros.<\/p>\n<p><br><\/p>\n<p><\/p>\n<p>Na sequ\u00eancia, novas obriga\u00e7\u00f5es ser\u00e3o implementadas em 1\u00ba de outubro de 2026, contemplando, entre outros documentos, a Nota Fiscal de Servi\u00e7os Eletr\u00f4nica (NFS-e) para servi\u00e7os em geral sujeitos ao ISS, a Nota Fiscal Fatura de Servi\u00e7os de Comunica\u00e7\u00e3o Eletr\u00f4nica (NFCom), a Declara\u00e7\u00e3o de Importa\u00e7\u00e3o de Remessa (DIR) e os primeiros eventos da Declara\u00e7\u00e3o de Regimes Espec\u00edficos (DeRE).<\/p>\n<p><br><\/p>\n<p><\/p>\n<p>J\u00e1 em 1\u00ba de dezembro de 2026, entram em vigor diversas obriga\u00e7\u00f5es espec\u00edficas, incluindo documentos relacionados a plataformas digitais, loca\u00e7\u00f5es de bens m\u00f3veis e im\u00f3veis, fornecimento de bens imateriais, notas fiscais de \u00e1gua e saneamento, g\u00e1s canalizado e aliena\u00e7\u00e3o de im\u00f3veis, entre outros segmentos previstos no ato normativo.<\/p>\n<p><br><\/p>\n<p><\/p>\n<p>Para os contribuintes optantes pelo Simples Nacional, a obrigatoriedade geral dos novos documentos fiscais ter\u00e1 in\u00edcio em 1\u00ba de janeiro de 2027, ressalvadas as hip\u00f3teses previstas na regulamenta\u00e7\u00e3o. Tamb\u00e9m nessa data passam a vigorar algumas obriga\u00e7\u00f5es relacionadas \u00e0 DUIMP, documentos fiscais de importa\u00e7\u00e3o, tributa\u00e7\u00e3o monof\u00e1sica e demais eventos da DeRE.<\/p>\n<p><br><\/p>\n<p><\/p>\n<p>Outro ponto relevante \u00e9 que o ato prev\u00ea a institui\u00e7\u00e3o, em at\u00e9 30 dias, de um Programa de Conformidade, com car\u00e1ter orientativo para o ano de 2026. A iniciativa busca incentivar a adapta\u00e7\u00e3o dos contribuintes durante o per\u00edodo de transi\u00e7\u00e3o da Reforma Tribut\u00e1ria, privilegiando a regulariza\u00e7\u00e3o e a coopera\u00e7\u00e3o no cumprimento das novas obriga\u00e7\u00f5es acess\u00f3rias.<\/p>\n<p><br><\/p>\n<p><\/p>\n<p>A publica\u00e7\u00e3o do cronograma demonstra que a implementa\u00e7\u00e3o da Reforma Tribut\u00e1ria entra em uma fase efetivamente operacional. Por isso, empresas devem iniciar desde j\u00e1 a revis\u00e3o de seus sistemas de emiss\u00e3o de documentos fiscais, processos internos e integra\u00e7\u00f5es tecnol\u00f3gicas, reduzindo riscos de inconsist\u00eancias e garantindo conformidade com as novas exig\u00eancias.<\/p>\n<p><br><\/p>\n<p>A<a href=\"https:\/\/www.cgibs.gov.br\/upload\/arquivos\/202607\/31091735-20260730-16h30-ato-conjunto-rfb-cgibs-na-c2-ba-4-260731-090909.pdf\" target=\"_blank\" style=\"letter-spacing: 0.3px; background-color: rgb(255, 255, 255);\">cesse a \u00edntegra do&nbsp;Ato Conjunto RFB\/CGIBS n\u00ba 4, de 30 de julho de 2026.<\/a><\/p>\n<p><br><\/p>\n<p><\/p>\n<p><a href=\"https:\/\/www.gov.br\/receitafederal\/pt-br\/assuntos\/noticias\/2026\/julho\/receita-federal-e-comite-gestor-do-ibs-publicam-o-cronograma-de-implementacao-dos-documentos-fiscais-eletronicos-da-reforma-tributaria-do-consumo\" target=\"_blank\" rel=\"noopener\">Fonte: Receita Federal<\/a><\/p>\t\t\t\t\t\t\t\t<\/div>\n\t\t\t\t<\/div>\n\t\t\t\t<div class=\"elementor-element elementor-element-c628168 elementor-align-left elementor-widget elementor-widget-post-info\" data-id=\"c628168\" data-element_type=\"widget\" data-e-type=\"widget\" data-widget_type=\"post-info.default\">\n\t\t\t\t<div class=\"elementor-widget-container\">\n\t\t\t\t\t\t\t<ul class=\"elementor-inline-items elementor-icon-list-items elementor-post-info\">\n\t\t\t\t\t\t\t\t<li class=\"elementor-icon-list-item elementor-repeater-item-733cf33 elementor-inline-item\" itemprop=\"about\">\n\t\t\t\t\t\t\t\t\t\t<span class=\"elementor-icon-list-icon\">\n\t\t\t\t\t\t\t\t<i aria-hidden=\"true\" class=\"far fa-folder-open\"><\/i>\t\t\t\t\t\t\t<\/span>\n\t\t\t\t\t\t\t\t\t<span class=\"elementor-icon-list-text elementor-post-info__item elementor-post-info__item--type-terms\">\n\t\t\t\t\t\t\t\t\t\t<span class=\"elementor-post-info__terms-list\">\n\t\t\t\t<a href=\"https:\/\/loboadvogados.com\/site\/category\/tributario\/\" class=\"elementor-post-info__terms-list-item\">Tribut\u00e1rio<\/a>\t\t\t\t<\/span>\n\t\t\t\t\t<\/span>\n\t\t\t\t\t\t\t\t<\/li>\n\t\t\t\t<\/ul>\n\t\t\t\t\t\t<\/div>\n\t\t\t\t<\/div>\n\t\t\t\t<div class=\"elementor-element elementor-element-499fd3a elementor-widget-divider--view-line elementor-widget elementor-widget-divider\" data-id=\"499fd3a\" data-element_type=\"widget\" data-e-type=\"widget\" data-widget_type=\"divider.default\">\n\t\t\t\t<div class=\"elementor-widget-container\">\n\t\t\t\t\t\t\t<div class=\"elementor-divider\">\n\t\t\t<span class=\"elementor-divider-separator\">\n\t\t\t\t\t\t<\/span>\n\t\t<\/div>\n\t\t\t\t\t\t<\/div>\n\t\t\t\t<\/div>\n\t\t\t\t<section class=\"elementor-section elementor-inner-section elementor-element elementor-element-1a08a30b elementor-section-content-middle elementor-section-boxed elementor-section-height-default elementor-section-height-default\" data-id=\"1a08a30b\" data-element_type=\"section\" data-e-type=\"section\">\n\t\t\t\t\t\t<div class=\"elementor-container elementor-column-gap-no\">\n\t\t\t\t\t<div class=\"elementor-column elementor-col-100 elementor-inner-column elementor-element elementor-element-5df78717\" data-id=\"5df78717\" data-element_type=\"column\" data-e-type=\"column\">\n\t\t\t<div class=\"elementor-widget-wrap elementor-element-populated\">\n\t\t\t\t\t\t<div class=\"elementor-element elementor-element-171c19a1 elementor-widget__width-auto elementor-widget elementor-widget-heading\" data-id=\"171c19a1\" data-element_type=\"widget\" data-e-type=\"widget\" data-widget_type=\"heading.default\">\n\t\t\t\t<div class=\"elementor-widget-container\">\n\t\t\t\t\t<h2 class=\"elementor-heading-title elementor-size-default\">Compartilhar<\/h2>\t\t\t\t<\/div>\n\t\t\t\t<\/div>\n\t\t\t\t<div class=\"elementor-element elementor-element-d3235b1 elementor-share-buttons--view-icon elementor-share-buttons--skin-minimal elementor-share-buttons--shape-circle elementor-share-buttons--color-custom elementor-widget__width-auto elementor-grid-0 elementor-widget elementor-widget-share-buttons\" data-id=\"d3235b1\" data-element_type=\"widget\" data-e-type=\"widget\" data-widget_type=\"share-buttons.default\">\n\t\t\t\t<div class=\"elementor-widget-container\">\n\t\t\t\t\t\t\t<div class=\"elementor-grid\" role=\"list\">\n\t\t\t\t\t\t\t\t<div class=\"elementor-grid-item\" role=\"listitem\">\n\t\t\t\t\t\t<div class=\"elementor-share-btn elementor-share-btn_facebook\" role=\"button\" tabindex=\"0\" aria-label=\"Share on facebook\">\n\t\t\t\t\t\t\t\t\t\t\t\t\t\t\t<span class=\"elementor-share-btn__icon\">\n\t\t\t\t\t\t\t\t<i class=\"fab fa-facebook\" aria-hidden=\"true\"><\/i>\t\t\t\t\t\t\t<\/span>\n\t\t\t\t\t\t\t\t\t\t\t\t\t\t\t\t\t\t\t\t<\/div>\n\t\t\t\t\t<\/div>\n\t\t\t\t\t\t\t\t\t<div class=\"elementor-grid-item\" role=\"listitem\">\n\t\t\t\t\t\t<div class=\"elementor-share-btn elementor-share-btn_twitter\" role=\"button\" tabindex=\"0\" aria-label=\"Share on twitter\">\n\t\t\t\t\t\t\t\t\t\t\t\t\t\t\t<span class=\"elementor-share-btn__icon\">\n\t\t\t\t\t\t\t\t<i class=\"fab fa-twitter\" aria-hidden=\"true\"><\/i>\t\t\t\t\t\t\t<\/span>\n\t\t\t\t\t\t\t\t\t\t\t\t\t\t\t\t\t\t\t\t<\/div>\n\t\t\t\t\t<\/div>\n\t\t\t\t\t\t\t\t\t<div class=\"elementor-grid-item\" role=\"listitem\">\n\t\t\t\t\t\t<div class=\"elementor-share-btn elementor-share-btn_linkedin\" role=\"button\" tabindex=\"0\" aria-label=\"Share on linkedin\">\n\t\t\t\t\t\t\t\t\t\t\t\t\t\t\t<span class=\"elementor-share-btn__icon\">\n\t\t\t\t\t\t\t\t<i class=\"fab fa-linkedin\" aria-hidden=\"true\"><\/i>\t\t\t\t\t\t\t<\/span>\n\t\t\t\t\t\t\t\t\t\t\t\t\t\t\t\t\t\t\t\t<\/div>\n\t\t\t\t\t<\/div>\n\t\t\t\t\t\t\t\t\t<div class=\"elementor-grid-item\" role=\"listitem\">\n\t\t\t\t\t\t<div class=\"elementor-share-btn elementor-share-btn_whatsapp\" role=\"button\" tabindex=\"0\" aria-label=\"Share on whatsapp\">\n\t\t\t\t\t\t\t\t\t\t\t\t\t\t\t<span class=\"elementor-share-btn__icon\">\n\t\t\t\t\t\t\t\t<i class=\"fab fa-whatsapp\" aria-hidden=\"true\"><\/i>\t\t\t\t\t\t\t<\/span>\n\t\t\t\t\t\t\t\t\t\t\t\t\t\t\t\t\t\t\t\t<\/div>\n\t\t\t\t\t<\/div>\n\t\t\t\t\t\t\t\t\t<div class=\"elementor-grid-item\" role=\"listitem\">\n\t\t\t\t\t\t<div class=\"elementor-share-btn elementor-share-btn_telegram\" role=\"button\" tabindex=\"0\" aria-label=\"Share on telegram\">\n\t\t\t\t\t\t\t\t\t\t\t\t\t\t\t<span class=\"elementor-share-btn__icon\">\n\t\t\t\t\t\t\t\t<i class=\"fab fa-telegram\" aria-hidden=\"true\"><\/i>\t\t\t\t\t\t\t<\/span>\n\t\t\t\t\t\t\t\t\t\t\t\t\t\t\t\t\t\t\t\t<\/div>\n\t\t\t\t\t<\/div>\n\t\t\t\t\t\t\t\t\t<div class=\"elementor-grid-item\" role=\"listitem\">\n\t\t\t\t\t\t<div class=\"elementor-share-btn elementor-share-btn_email\" role=\"button\" tabindex=\"0\" aria-label=\"Share on email\">\n\t\t\t\t\t\t\t\t\t\t\t\t\t\t\t<span class=\"elementor-share-btn__icon\">\n\t\t\t\t\t\t\t\t<i class=\"fas fa-envelope\" aria-hidden=\"true\"><\/i>\t\t\t\t\t\t\t<\/span>\n\t\t\t\t\t\t\t\t\t\t\t\t\t\t\t\t\t\t\t\t<\/div>\n\t\t\t\t\t<\/div>\n\t\t\t\t\t\t\t\t\t<div class=\"elementor-grid-item\" role=\"listitem\">\n\t\t\t\t\t\t<div class=\"elementor-share-btn elementor-share-btn_print\" role=\"button\" tabindex=\"0\" aria-label=\"Share on print\">\n\t\t\t\t\t\t\t\t\t\t\t\t\t\t\t<span class=\"elementor-share-btn__icon\">\n\t\t\t\t\t\t\t\t<i class=\"fas fa-print\" aria-hidden=\"true\"><\/i>\t\t\t\t\t\t\t<\/span>\n\t\t\t\t\t\t\t\t\t\t\t\t\t\t\t\t\t\t\t\t<\/div>\n\t\t\t\t\t<\/div>\n\t\t\t\t\t\t<\/div>\n\t\t\t\t\t\t<\/div>\n\t\t\t\t<\/div>\n\t\t\t\t\t<\/div>\n\t\t<\/div>\n\t\t\t\t\t<\/div>\n\t\t<\/section>\n\t\t\t\t\t<\/div>\n\t\t<\/div>\n\t\t\t\t<div class=\"elementor-column elementor-col-50 elementor-top-column elementor-element elementor-element-60c64e07\" data-id=\"60c64e07\" data-element_type=\"column\" data-e-type=\"column\">\n\t\t\t<div class=\"elementor-widget-wrap elementor-element-populated\">\n\t\t\t\t\t\t<div class=\"elementor-element elementor-element-687a8096 elementor-widget elementor-widget-heading\" data-id=\"687a8096\" data-element_type=\"widget\" data-e-type=\"widget\" data-widget_type=\"heading.default\">\n\t\t\t\t<div class=\"elementor-widget-container\">\n\t\t\t\t\t<h2 class=\"elementor-heading-title elementor-size-default\">\u00daltimos posts<\/h2>\t\t\t\t<\/div>\n\t\t\t\t<\/div>\n\t\t\t\t<div class=\"elementor-element elementor-element-2633da7 elementor-grid-1 elementor-posts--align-left elementor-posts--thumbnail-none elementor-grid-tablet-2 elementor-grid-mobile-1 elementor-widget elementor-widget-posts\" data-id=\"2633da7\" data-element_type=\"widget\" data-e-type=\"widget\" data-settings=\"{&quot;classic_columns&quot;:&quot;1&quot;,&quot;classic_row_gap&quot;:{&quot;unit&quot;:&quot;px&quot;,&quot;size&quot;:15,&quot;sizes&quot;:[]},&quot;classic_row_gap_mobile&quot;:{&quot;unit&quot;:&quot;px&quot;,&quot;size&quot;:30,&quot;sizes&quot;:[]},&quot;classic_columns_tablet&quot;:&quot;2&quot;,&quot;classic_columns_mobile&quot;:&quot;1&quot;,&quot;classic_row_gap_tablet&quot;:{&quot;unit&quot;:&quot;px&quot;,&quot;size&quot;:&quot;&quot;,&quot;sizes&quot;:[]}}\" data-widget_type=\"posts.classic\">\n\t\t\t\t<div class=\"elementor-widget-container\">\n\t\t\t\t\t\t\t<div class=\"elementor-posts-container elementor-posts elementor-posts--skin-classic elementor-grid\" role=\"list\">\n\t\t\t\t<article class=\"elementor-post elementor-grid-item post-15801 post type-post status-publish format-standard hentry category-tributario tag-reforma-tributaria-prazos-cgibs-ato-conjunto entry\" role=\"listitem\">\n\t\t\t\t<div class=\"elementor-post__text\">\n\t\t\t\t<h6 class=\"elementor-post__title\">\n\t\t\t<a href=\"https:\/\/loboadvogados.com\/site\/receita-federal-divulga-cronograma-oficial-dos-documentos-fiscais-eletronicos-da-reforma-tributaria\/\" >\n\t\t\t\tReceita Federal divulga cronograma oficial dos documentos fiscais eletr\u00f4nicos da Reforma Tribut\u00e1ria\t\t\t<\/a>\n\t\t<\/h6>\n\t\t\t\t<div class=\"elementor-post__meta-data\">\n\t\t\t\t\t<span class=\"elementor-post-date\">\n\t\t\t31\/07\/2026\t\t<\/span>\n\t\t\t\t<\/div>\n\t\t\t\t<div class=\"elementor-post__excerpt\">\n\t\t\t\t\t<\/div>\n\t\t\n\t\t<a class=\"elementor-post__read-more\" href=\"https:\/\/loboadvogados.com\/site\/receita-federal-divulga-cronograma-oficial-dos-documentos-fiscais-eletronicos-da-reforma-tributaria\/\" aria-label=\"Read more about Receita Federal divulga cronograma oficial dos documentos fiscais eletr\u00f4nicos da Reforma Tribut\u00e1ria\" tabindex=\"-1\" >\n\t\t\tLEIA MAIS +\t\t<\/a>\n\n\t\t\t\t<\/div>\n\t\t\t\t<\/article>\n\t\t\t\t<article class=\"elementor-post elementor-grid-item post-15791 post type-post status-publish format-standard hentry category-propriedade-intelectual tag-para-propriedade-intelectual-propriedade-industrial-marca-penhora-divida entry\" role=\"listitem\">\n\t\t\t\t<div class=\"elementor-post__text\">\n\t\t\t\t<h6 class=\"elementor-post__title\">\n\t\t\t<a href=\"https:\/\/loboadvogados.com\/site\/marca-registrada-pode-ser-penhorada-para-pagamento-de-dividas\/\" >\n\t\t\t\tMarca registrada pode ser penhorada para pagamento de d\u00edvidas\t\t\t<\/a>\n\t\t<\/h6>\n\t\t\t\t<div class=\"elementor-post__meta-data\">\n\t\t\t\t\t<span class=\"elementor-post-date\">\n\t\t\t07\/06\/2026\t\t<\/span>\n\t\t\t\t<\/div>\n\t\t\t\t<div class=\"elementor-post__excerpt\">\n\t\t\t\t\t<\/div>\n\t\t\n\t\t<a class=\"elementor-post__read-more\" href=\"https:\/\/loboadvogados.com\/site\/marca-registrada-pode-ser-penhorada-para-pagamento-de-dividas\/\" aria-label=\"Read more about Marca registrada pode ser penhorada para pagamento de d\u00edvidas\" tabindex=\"-1\" >\n\t\t\tLEIA MAIS +\t\t<\/a>\n\n\t\t\t\t<\/div>\n\t\t\t\t<\/article>\n\t\t\t\t<article class=\"elementor-post elementor-grid-item post-15780 post type-post status-publish format-standard hentry category-negocios-imobilarios tag-stj-airbnb-condominio-locacao-temporada entry\" role=\"listitem\">\n\t\t\t\t<div class=\"elementor-post__text\">\n\t\t\t\t<h6 class=\"elementor-post__title\">\n\t\t\t<a href=\"https:\/\/loboadvogados.com\/site\/stj-vai-definir-se-condominios-residenciais-podem-proibir-locacoes-por-airbnb-sem-previsao-expressa-na-convencao\/\" >\n\t\t\t\tSTJ vai definir se condom\u00ednios residenciais podem proibir loca\u00e7\u00f5es por Airbnb sem previs\u00e3o expressa na conven\u00e7\u00e3o\t\t\t<\/a>\n\t\t<\/h6>\n\t\t\t\t<div class=\"elementor-post__meta-data\">\n\t\t\t\t\t<span class=\"elementor-post-date\">\n\t\t\t07\/06\/2026\t\t<\/span>\n\t\t\t\t<\/div>\n\t\t\t\t<div class=\"elementor-post__excerpt\">\n\t\t\t\t\t<\/div>\n\t\t\n\t\t<a class=\"elementor-post__read-more\" href=\"https:\/\/loboadvogados.com\/site\/stj-vai-definir-se-condominios-residenciais-podem-proibir-locacoes-por-airbnb-sem-previsao-expressa-na-convencao\/\" aria-label=\"Read more about STJ vai definir se condom\u00ednios residenciais podem proibir loca\u00e7\u00f5es por Airbnb sem previs\u00e3o expressa na conven\u00e7\u00e3o\" tabindex=\"-1\" >\n\t\t\tLEIA MAIS +\t\t<\/a>\n\n\t\t\t\t<\/div>\n\t\t\t\t<\/article>\n\t\t\t\t<article class=\"elementor-post elementor-grid-item post-14956 post type-post status-publish format-standard hentry category-semcatogoria tag-stf-uniao-estavel-casamento-regime-separacao-de-bens-idoso entry\" role=\"listitem\">\n\t\t\t\t<div class=\"elementor-post__text\">\n\t\t\t\t<h6 class=\"elementor-post__title\">\n\t\t\t<a href=\"https:\/\/loboadvogados.com\/site\/25-anos-de-lobo-advogados\/\" >\n\t\t\t\t25 anos de Lobo Advogados\t\t\t<\/a>\n\t\t<\/h6>\n\t\t\t\t<div class=\"elementor-post__meta-data\">\n\t\t\t\t\t<span class=\"elementor-post-date\">\n\t\t\t29\/08\/2025\t\t<\/span>\n\t\t\t\t<\/div>\n\t\t\t\t<div class=\"elementor-post__excerpt\">\n\t\t\t\t\t<\/div>\n\t\t\n\t\t<a class=\"elementor-post__read-more\" href=\"https:\/\/loboadvogados.com\/site\/25-anos-de-lobo-advogados\/\" aria-label=\"Read more about 25 anos de Lobo Advogados\" tabindex=\"-1\" >\n\t\t\tLEIA MAIS +\t\t<\/a>\n\n\t\t\t\t<\/div>\n\t\t\t\t<\/article>\n\t\t\t\t<article class=\"elementor-post elementor-grid-item post-14784 post type-post status-publish format-standard hentry category-contencioso-judicial tag-stf-uniao-estavel-casamento-regime-separacao-de-bens-idoso entry\" role=\"listitem\">\n\t\t\t\t<div class=\"elementor-post__text\">\n\t\t\t\t<h6 class=\"elementor-post__title\">\n\t\t\t<a href=\"https:\/\/loboadvogados.com\/site\/stf-define-que-separacao-de-bens-em-casamento-de-pessoas-acima-de-70-anos-nao-e-obrigatoria\/\" >\n\t\t\t\tSTF define que separa\u00e7\u00e3o de bens em casamento de pessoas acima de 70 anos n\u00e3o \u00e9 obrigat\u00f3ria\t\t\t<\/a>\n\t\t<\/h6>\n\t\t\t\t<div class=\"elementor-post__meta-data\">\n\t\t\t\t\t<span class=\"elementor-post-date\">\n\t\t\t02\/02\/2024\t\t<\/span>\n\t\t\t\t<\/div>\n\t\t\t\t<div class=\"elementor-post__excerpt\">\n\t\t\t\t\t<\/div>\n\t\t\n\t\t<a class=\"elementor-post__read-more\" href=\"https:\/\/loboadvogados.com\/site\/stf-define-que-separacao-de-bens-em-casamento-de-pessoas-acima-de-70-anos-nao-e-obrigatoria\/\" aria-label=\"Read more about STF define que separa\u00e7\u00e3o de bens em casamento de pessoas acima de 70 anos n\u00e3o \u00e9 obrigat\u00f3ria\" tabindex=\"-1\" >\n\t\t\tLEIA MAIS +\t\t<\/a>\n\n\t\t\t\t<\/div>\n\t\t\t\t<\/article>\n\t\t\t\t<article class=\"elementor-post elementor-grid-item post-14762 post type-post status-publish format-standard hentry category-contencioso-judicial tag-medicamento-tratamento-oncologico-rename-cacon-nat-jus-hemifumarato-de-gilteritinibe entry\" role=\"listitem\">\n\t\t\t\t<div class=\"elementor-post__text\">\n\t\t\t\t<h6 class=\"elementor-post__title\">\n\t\t\t<a href=\"https:\/\/loboadvogados.com\/site\/tribunal-regional-federal-determina-que-a-uniao-forneca-de-medicamento-para-tratamento-oncologico\/\" >\n\t\t\t\tTribunal Regional Federal determina que a Uni\u00e3o forne\u00e7a de medicamento para tratamento oncol\u00f3gico\t\t\t<\/a>\n\t\t<\/h6>\n\t\t\t\t<div class=\"elementor-post__meta-data\">\n\t\t\t\t\t<span class=\"elementor-post-date\">\n\t\t\t06\/11\/2023\t\t<\/span>\n\t\t\t\t<\/div>\n\t\t\t\t<div class=\"elementor-post__excerpt\">\n\t\t\t\t\t<\/div>\n\t\t\n\t\t<a class=\"elementor-post__read-more\" href=\"https:\/\/loboadvogados.com\/site\/tribunal-regional-federal-determina-que-a-uniao-forneca-de-medicamento-para-tratamento-oncologico\/\" aria-label=\"Read more about Tribunal Regional Federal determina que a Uni\u00e3o forne\u00e7a de medicamento para tratamento oncol\u00f3gico\" tabindex=\"-1\" >\n\t\t\tLEIA MAIS +\t\t<\/a>\n\n\t\t\t\t<\/div>\n\t\t\t\t<\/article>\n\t\t\t\t<\/div>\n\t\t\n\t\t\t\t\t\t<\/div>\n\t\t\t\t<\/div>\n\t\t\t\t\t<\/div>\n\t\t<\/div>\n\t\t\t\t\t<\/div>\n\t\t<\/article>\n\t\t\t\t<section class=\"elementor-section elementor-top-section elementor-element elementor-element-95d8435 elementor-section-boxed elementor-section-height-default elementor-section-height-default\" data-id=\"95d8435\" data-element_type=\"section\" data-e-type=\"section\">\n\t\t\t\t\t\t<div class=\"elementor-container elementor-column-gap-default\">\n\t\t\t\t\t<div class=\"elementor-column elementor-col-100 elementor-top-column elementor-element elementor-element-6bd105d\" data-id=\"6bd105d\" data-element_type=\"column\" data-e-type=\"column\">\n\t\t\t<div class=\"elementor-widget-wrap elementor-element-populated\">\n\t\t\t\t\t\t<div class=\"elementor-element elementor-element-5ac1159 elementor-widget elementor-widget-heading\" data-id=\"5ac1159\" data-element_type=\"widget\" data-e-type=\"widget\" data-widget_type=\"heading.default\">\n\t\t\t\t<div class=\"elementor-widget-container\">\n\t\t\t\t\t<h2 class=\"elementor-heading-title elementor-size-default\">Tribunal Regional Federal determina que a Uni\u00e3o forne\u00e7a de medicamento para tratamento oncol\u00f3gico<\/h2>\t\t\t\t<\/div>\n\t\t\t\t<\/div>\n\t\t\t\t\t<\/div>\n\t\t<\/div>\n\t\t\t\t\t<\/div>\n\t\t<\/section>\n\t\t\t\t<\/div>\n\t\t","protected":false},"excerpt":{"rendered":"<p>A Receita Federal do Brasil e o Comit\u00ea Gestor do Imposto sobre Bens e Servi\u00e7os (CGIBS) publicaram o Ato Conjunto RFB\/CGIBS n\u00ba 4, de 30 de julho de 2026, estabelecendo o cronograma oficial de implanta\u00e7\u00e3o dos documentos fiscais eletr\u00f4nicos relacionados \u00e0 Reforma Tribut\u00e1ria do Consumo. A medida representa um dos principais marcos da implementa\u00e7\u00e3o da&hellip; <a class=\"more-link\" href=\"https:\/\/loboadvogados.com\/site\/tribunal-regional-federal-determina-que-a-uniao-forneca-de-medicamento-para-tratamento-oncologico\/\">Continue a ler <span class=\"screen-reader-text\">Tribunal Regional Federal determina que a Uni\u00e3o forne\u00e7a de medicamento para tratamento oncol\u00f3gico<\/span><\/a><\/p>\n","protected":false},"author":1,"featured_media":0,"comment_status":"open","ping_status":"open","sticky":false,"template":"elementor_header_footer","format":"standard","meta":{"_eb_attr":"","footnotes":""},"categories":[15],"tags":[139],"class_list":["post-15801","post","type-post","status-publish","format-standard","hentry","category-tributario","tag-reforma-tributaria-prazos-cgibs-ato-conjunto","entry"],"_links":{"self":[{"href":"https:\/\/loboadvogados.com\/site\/wp-json\/wp\/v2\/posts\/15801","targetHints":{"allow":["GET"]}}],"collection":[{"href":"https:\/\/loboadvogados.com\/site\/wp-json\/wp\/v2\/posts"}],"about":[{"href":"https:\/\/loboadvogados.com\/site\/wp-json\/wp\/v2\/types\/post"}],"author":[{"embeddable":true,"href":"https:\/\/loboadvogados.com\/site\/wp-json\/wp\/v2\/users\/1"}],"replies":[{"embeddable":true,"href":"https:\/\/loboadvogados.com\/site\/wp-json\/wp\/v2\/comments?post=15801"}],"version-history":[{"count":8,"href":"https:\/\/loboadvogados.com\/site\/wp-json\/wp\/v2\/posts\/15801\/revisions"}],"predecessor-version":[{"id":15809,"href":"https:\/\/loboadvogados.com\/site\/wp-json\/wp\/v2\/posts\/15801\/revisions\/15809"}],"wp:attachment":[{"href":"https:\/\/loboadvogados.com\/site\/wp-json\/wp\/v2\/media?parent=15801"}],"wp:term":[{"taxonomy":"category","embeddable":true,"href":"https:\/\/loboadvogados.com\/site\/wp-json\/wp\/v2\/categories?post=15801"},{"taxonomy":"post_tag","embeddable":true,"href":"https:\/\/loboadvogados.com\/site\/wp-json\/wp\/v2\/tags?post=15801"}],"curies":[{"name":"wp","href":"https:\/\/api.w.org\/{rel}","templated":true}]}}